{"id":902,"date":"2023-07-17T14:47:00","date_gmt":"2023-07-17T13:47:00","guid":{"rendered":"https:\/\/www.danielrossellat.ch\/?p=902"},"modified":"2023-09-19T14:49:31","modified_gmt":"2023-09-19T13:49:31","slug":"grande-interview","status":"publish","type":"post","link":"https:\/\/www.danielrossellat.ch\/?p=902","title":{"rendered":"Grande Interview"},"content":{"rendered":"\n<p>Critiqu\u00e9 apr\u00e8s deux ann\u00e9es de turbulences au sein de l\u2019administration nyonnaise, le syndic de la ville vaudoise accepte pour la premi\u00e8re fois de revenir sur cette p\u00e9riode aussi intense que compliqu\u00e9e. Il \u00e9voque \u00e9galement la programmation de Pal\u00e9o qui d\u00e9bute dans quelques jours.<\/p>\n\n\n\n<p><a href=\"https:\/\/www.danielrossellat.ch\/wp-content\/uploads\/2023\/09\/le-temps-20230715-1.pdf\" target=\"_blank\" rel=\"noreferrer noopener\">L&#8217;article paru dans Le Temps du 15 juillet est disponible en int\u00e9gralit\u00e9 ici.<\/a><\/p>\n","protected":false},"excerpt":{"rendered":"<p>Critiqu\u00e9 apr\u00e8s deux ann\u00e9es de turbulences au sein de l\u2019administration nyonnaise, le syndic de la ville vaudoise accepte pour la premi\u00e8re fois de revenir sur cette p\u00e9riode aussi intense que compliqu\u00e9e. Il \u00e9voque \u00e9galement la programmation de Pal\u00e9o qui d\u00e9bute dans quelques jours. L&#8217;article paru dans Le Temps du 15 juillet est disponible en int\u00e9gralit\u00e9 [&hellip;]<\/p>\n","protected":false},"author":2,"featured_media":0,"comment_status":"closed","ping_status":"open","sticky":false,"template":"","format":"standard","meta":[],"categories":[1],"tags":[],"_links":{"self":[{"href":"https:\/\/www.danielrossellat.ch\/index.php?rest_route=\/wp\/v2\/posts\/902"}],"collection":[{"href":"https:\/\/www.danielrossellat.ch\/index.php?rest_route=\/wp\/v2\/posts"}],"about":[{"href":"https:\/\/www.danielrossellat.ch\/index.php?rest_route=\/wp\/v2\/types\/post"}],"author":[{"embeddable":true,"href":"https:\/\/www.danielrossellat.ch\/index.php?rest_route=\/wp\/v2\/users\/2"}],"replies":[{"embeddable":true,"href":"https:\/\/www.danielrossellat.ch\/index.php?rest_route=%2Fwp%2Fv2%2Fcomments&post=902"}],"version-history":[{"count":2,"href":"https:\/\/www.danielrossellat.ch\/index.php?rest_route=\/wp\/v2\/posts\/902\/revisions"}],"predecessor-version":[{"id":906,"href":"https:\/\/www.danielrossellat.ch\/index.php?rest_route=\/wp\/v2\/posts\/902\/revisions\/906"}],"wp:attachment":[{"href":"https:\/\/www.danielrossellat.ch\/index.php?rest_route=%2Fwp%2Fv2%2Fmedia&parent=902"}],"wp:term":[{"taxonomy":"category","embeddable":true,"href":"https:\/\/www.danielrossellat.ch\/index.php?rest_route=%2Fwp%2Fv2%2Fcategories&post=902"},{"taxonomy":"post_tag","embeddable":true,"href":"https:\/\/www.danielrossellat.ch\/index.php?rest_route=%2Fwp%2Fv2%2Ftags&post=902"}],"curies":[{"name":"wp","href":"https:\/\/api.w.org\/{rel}","templated":true}]}}