{"id":853,"date":"2021-01-14T08:51:00","date_gmt":"2021-01-14T07:51:00","guid":{"rendered":"https:\/\/www.danielrossellat.ch\/?p=853"},"modified":"2021-01-19T08:58:39","modified_gmt":"2021-01-19T07:58:39","slug":"un-nouvel-elan-communique-de-la-plateforme-de-gauche","status":"publish","type":"post","link":"https:\/\/www.danielrossellat.ch\/?p=853","title":{"rendered":"Un nouvel \u00e9lan &#8211; communiqu\u00e9 de la plateforme de gauche"},"content":{"rendered":"\n<p><em>Nyon, le 14 janvier 2021<\/em> &#8211; <strong>Daniel Rossellat, les Vert.e.s et le Parti Socialiste pr\u00e9sentent une liste commune \u00e0 la Municipalit\u00e9 de Nyon pour insuffler un nouvel \u00e9lan \u00e0 l\u2019action municipale lors de la prochaine l\u00e9gislature. Les cinq candidat.e.s de la plateforme de gauche, aux exp\u00e9riences et comp\u00e9tences compl\u00e9mentaires, portent un programme fort et ambitieux pour Nyon, \u00e0 la hauteur des d\u00e9fis sociaux, climatiques et \u00e9conomiques d\u2019aujourd\u2019hui .<\/strong><\/p>\n\n\n\n<p>La gauche nyonnaise pr\u00e9sente trois nouvelles candidatures aux c\u00f4t\u00e9s de Daniel Rossellat, syndic sortant, et de St\u00e9phanie Schmutz, municipale socialiste sortante, avec Elise Buckle et Pierre Wahlen pour les Vert.e.s ainsi qu\u2019Alexandre D\u00e9m\u00e9triad\u00e8s pour le Parti Socialiste. Cinq candidats au service d\u2019une \u00e9quipe soud\u00e9e et compl\u00e9mentaire en vue de regagner la majorit\u00e9 \u00e0 la Municipalit\u00e9 et de renforcer la gauche au Conseil Communal.<\/p>\n\n\n\n<p> \u201cLe contexte actuel exige la mise en place d\u2019une relance \u00e9conomique \u00e9cologique et solidaire \u00e0 Nyon, qui permette aux PME et commerces locaux de sortir de la crise rapidement et d\u2019en ressortir plus forts. C\u2019est ce que nous d\u00e9fendons aujourd\u2019hui.\u201d explique Daniel Rossellat.<\/p>\n\n\n\n<p>Habitu\u00e9e \u00e0 porter ensemble les grands projets et politiques publiques qui feront Nyon demain, tant \u00e0 la Municipalit\u00e9 qu\u2019au Conseil Communal, la plateforme de gauche entend bien proposer une alternative positive, faite d\u2019exp\u00e9riences politiques fortes et d\u2019id\u00e9es nouvelles. \u201cNotre objectif est de rassembler largement pour donner un vrai coup d&#8217;acc\u00e9l\u00e9rateur sur la r\u00e9solution des enjeux climatiques, \u00e9conomiques et sociaux \u00e0 Nyon! Nous devons plus que jamais \u00eatre unis pour construire la Ville de demain avec \u00e9nergie et enthousiasme.\u201d pr\u00e9cise Elise Buckle.<\/p>\n\n\n\n<p>\u201cNotre action vise \u00e0 faire de Nyon une ville accueillante et dynamique, qui propose notamment des logements abordables en nombre suffisant et qui fasse des quartiers et du coeur de ville des lieux o\u00f9 il fait bon-vivre!\u201d affirme Alexandre D\u00e9m\u00e9triad\u00e8s. \u201cCela passe aussi par la mise en place d\u2019un plan climat ambitieux, qui doit pr\u00f4ner une action d\u00e9cisive sur des questions aussi critiques que la r\u00e9novation \u00e9nerg\u00e9tique des b\u00e2timents ou la promotion des \u00e9nergies renouvelables.\u201d ajoute Pierre Wahlen.<\/p>\n\n\n\n<p>\u201cSans oublier la n\u00e9cessit\u00e9 de renforcer de mani\u00e8re claire le soutien aux milieux sportif et culturel de notre ville qui forment un tissu associatif d\u2019une densit\u00e9 et d\u2019une qualit\u00e9 rare, et dont tellement d\u2019habitants de Nyon profitent. La crise actuelle les a grandement affect\u00e9s, il est donc primordial que la Municipalit\u00e9 s\u2019engage de mani\u00e8re encore plus forte \u00e0 leurs c\u00f4t\u00e9s.\u201d conclut St\u00e9phanie Schmutz.<\/p>\n\n\n\n<p>C\u2019est donc rassembl\u00e9e, ambitieuse et d\u00e9termin\u00e9e que la plateforme de gauche se pr\u00e9sente aux \u00e9lections \u00e0 la Municipalit\u00e9 de Nyon qui se d\u00e9rouleront le 7 mars 2021.<\/p>\n\n\n\n<div class=\"wp-block-file\"><a href=\"https:\/\/www.danielrossellat.ch\/wp-content\/uploads\/2021\/01\/Communique\u0301-Plateforme-de-gauche-1.pdf\">Le communiqu\u00e9 complet est disponible ici: Communique\u0301 Plateforme de gauche<\/a><a href=\"https:\/\/www.danielrossellat.ch\/wp-content\/uploads\/2021\/01\/Communique\u0301-Plateforme-de-gauche-1.pdf\" class=\"wp-block-file__button\" download>T\u00e9l\u00e9charger<\/a><\/div>\n","protected":false},"excerpt":{"rendered":"<p>Nyon, le 14 janvier 2021 &#8211; Daniel Rossellat, les Vert.e.s et le Parti Socialiste pr\u00e9sentent une liste commune \u00e0 la Municipalit\u00e9 de Nyon pour insuffler un nouvel \u00e9lan \u00e0 l\u2019action municipale lors de la prochaine l\u00e9gislature. Les cinq candidat.e.s de la plateforme de gauche, aux exp\u00e9riences et comp\u00e9tences compl\u00e9mentaires, portent un programme fort et ambitieux [&hellip;]<\/p>\n","protected":false},"author":2,"featured_media":0,"comment_status":"closed","ping_status":"open","sticky":false,"template":"","format":"standard","meta":[],"categories":[1],"tags":[],"_links":{"self":[{"href":"https:\/\/www.danielrossellat.ch\/index.php?rest_route=\/wp\/v2\/posts\/853"}],"collection":[{"href":"https:\/\/www.danielrossellat.ch\/index.php?rest_route=\/wp\/v2\/posts"}],"about":[{"href":"https:\/\/www.danielrossellat.ch\/index.php?rest_route=\/wp\/v2\/types\/post"}],"author":[{"embeddable":true,"href":"https:\/\/www.danielrossellat.ch\/index.php?rest_route=\/wp\/v2\/users\/2"}],"replies":[{"embeddable":true,"href":"https:\/\/www.danielrossellat.ch\/index.php?rest_route=%2Fwp%2Fv2%2Fcomments&post=853"}],"version-history":[{"count":3,"href":"https:\/\/www.danielrossellat.ch\/index.php?rest_route=\/wp\/v2\/posts\/853\/revisions"}],"predecessor-version":[{"id":856,"href":"https:\/\/www.danielrossellat.ch\/index.php?rest_route=\/wp\/v2\/posts\/853\/revisions\/856"}],"wp:attachment":[{"href":"https:\/\/www.danielrossellat.ch\/index.php?rest_route=%2Fwp%2Fv2%2Fmedia&parent=853"}],"wp:term":[{"taxonomy":"category","embeddable":true,"href":"https:\/\/www.danielrossellat.ch\/index.php?rest_route=%2Fwp%2Fv2%2Fcategories&post=853"},{"taxonomy":"post_tag","embeddable":true,"href":"https:\/\/www.danielrossellat.ch\/index.php?rest_route=%2Fwp%2Fv2%2Ftags&post=853"}],"curies":[{"name":"wp","href":"https:\/\/api.w.org\/{rel}","templated":true}]}}